{"id":1042,"date":"2025-03-04T14:44:58","date_gmt":"2025-03-04T13:44:58","guid":{"rendered":"https:\/\/cralasabina.catedu.es\/?p=1042"},"modified":"2025-03-04T14:57:05","modified_gmt":"2025-03-04T13:57:05","slug":"el-bandido-cucaracha","status":"publish","type":"post","link":"https:\/\/cralasabina.catedu.es\/?p=1042","title":{"rendered":"El bandido cucaracha."},"content":{"rendered":"\n<p>El pasado viernes 28 de febrero, todos los alumnos\/as y maestros\/as del CRA, invitados por Luis Cas\u00e1us, acudimos a ver una obra de teatro, patrocinada por el Ayuntamiento de Robres,  al corral de comedias de dicha localidad: <strong>\u00abEl bandido Cucaracha\u00bb<\/strong>.<\/p>\n\n\n\n<p>Al principio de la ma\u00f1ana, nos juntamos  en el colegio de Robres y all\u00ed compartimos  un tiempo de convivencia, almorzamos y jugamos juntos. Despu\u00e9s, nos dirigimos al corral de comedias y disfrutamos de la obra en la que el bandido Cucaracha y sus secuaces nos contaron sus andanzas. M\u00e1s tarde, disfrutamos de un peque\u00f1o fragmento de una obra de Lope de Vega en la que participaron tres de nuestras compa\u00f1eras de Robres,  \u00a1Qu\u00e9 bien lo hicieron! \u00a1Son unas artistas! Finalmente, pudimos subir al escenario y hasta nos hicimos una foto con el actor protagonista. Y de all\u00ed regresamos a nuestras localidades. <\/p>\n\n\n\n<p>\u00a1Pasamos una ma\u00f1ana estupenda!<\/p>\n\n\n\n<p>Galer\u00eda de im\u00e1genes:  <a href=\"https:\/\/drive.google.com\/drive\/folders\/1mcsP5xZ400EZwcNb-3LwypUVMBpu2mJO?usp=sharing\" data-type=\"link\" data-id=\"https:\/\/drive.google.com\/drive\/folders\/1mcsP5xZ400EZwcNb-3LwypUVMBpu2mJO?usp=sharing\">Clica aqu\u00ed.<\/a><\/p>\n\n\n\n<p><\/p>\n","protected":false},"excerpt":{"rendered":"<p>El pasado viernes 28 de febrero, todos los alumnos\/as y maestros\/as del CRA, invitados por Luis Cas\u00e1us, acudimos a ver una obra de teatro, patrocinada por el Ayuntamiento de Robres, al corral de comedias de dicha localidad: \u00abEl bandido Cucaracha\u00bb. Al principio de la ma\u00f1ana, nos juntamos en el colegio de Robres y all\u00ed compartimos [&hellip;]<\/p>\n","protected":false},"author":1765,"featured_media":1043,"comment_status":"closed","ping_status":"closed","sticky":false,"template":"","format":"standard","meta":{"_uag_custom_page_level_css":"","_monsterinsights_skip_tracking":false,"_monsterinsights_sitenote_active":false,"_monsterinsights_sitenote_note":"","_monsterinsights_sitenote_category":0,"footnotes":""},"categories":[17],"tags":[],"class_list":["post-1042","post","type-post","status-publish","format-standard","has-post-thumbnail","hentry","category-eventos"],"uagb_featured_image_src":{"full":["https:\/\/cralasabina.catedu.es\/wp-content\/uploads\/sites\/201\/2025\/03\/Corral-de-comedias-e1741095085769.png",1333,1030,false],"thumbnail":["https:\/\/cralasabina.catedu.es\/wp-content\/uploads\/sites\/201\/2025\/03\/Corral-de-comedias-e1741095085769-150x150.png",150,150,true],"medium":["https:\/\/cralasabina.catedu.es\/wp-content\/uploads\/sites\/201\/2025\/03\/Corral-de-comedias-e1741095085769-300x232.png",300,232,true],"medium_large":["https:\/\/cralasabina.catedu.es\/wp-content\/uploads\/sites\/201\/2025\/03\/Corral-de-comedias-e1741095085769-768x593.png",616,476,true],"large":["https:\/\/cralasabina.catedu.es\/wp-content\/uploads\/sites\/201\/2025\/03\/Corral-de-comedias-e1741095085769-1024x791.png",616,476,true],"1536x1536":["https:\/\/cralasabina.catedu.es\/wp-content\/uploads\/sites\/201\/2025\/03\/Corral-de-comedias-1024x1536.png",1024,1536,true],"2048x2048":["https:\/\/cralasabina.catedu.es\/wp-content\/uploads\/sites\/201\/2025\/03\/Corral-de-comedias-e1741095085769.png",1333,1030,false],"post-thumbnail":["https:\/\/cralasabina.catedu.es\/wp-content\/uploads\/sites\/201\/2025\/03\/Corral-de-comedias-e1741095085769-88x88.png",88,88,true],"post-image":["https:\/\/cralasabina.catedu.es\/wp-content\/uploads\/sites\/201\/2025\/03\/Corral-de-comedias-e1741095085769-816x631.png",816,631,true],"post-image-thumb":["https:\/\/cralasabina.catedu.es\/wp-content\/uploads\/sites\/201\/2025\/03\/Corral-de-comedias-e1741095085769-400x200.png",400,200,true]},"uagb_author_info":{"display_name":"raqueldeza","author_link":"https:\/\/cralasabina.catedu.es\/?author=1765"},"uagb_comment_info":0,"uagb_excerpt":"El pasado viernes 28 de febrero, todos los alumnos\/as y maestros\/as del CRA, invitados por Luis Cas\u00e1us, acudimos a ver una obra de teatro, patrocinada por el Ayuntamiento de Robres, al corral de comedias de dicha localidad: \u00abEl bandido Cucaracha\u00bb. Al principio de la ma\u00f1ana, nos juntamos en el colegio de Robres y all\u00ed compartimos&hellip;","_links":{"self":[{"href":"https:\/\/cralasabina.catedu.es\/index.php?rest_route=\/wp\/v2\/posts\/1042","targetHints":{"allow":["GET"]}}],"collection":[{"href":"https:\/\/cralasabina.catedu.es\/index.php?rest_route=\/wp\/v2\/posts"}],"about":[{"href":"https:\/\/cralasabina.catedu.es\/index.php?rest_route=\/wp\/v2\/types\/post"}],"author":[{"embeddable":true,"href":"https:\/\/cralasabina.catedu.es\/index.php?rest_route=\/wp\/v2\/users\/1765"}],"replies":[{"embeddable":true,"href":"https:\/\/cralasabina.catedu.es\/index.php?rest_route=%2Fwp%2Fv2%2Fcomments&post=1042"}],"version-history":[{"count":2,"href":"https:\/\/cralasabina.catedu.es\/index.php?rest_route=\/wp\/v2\/posts\/1042\/revisions"}],"predecessor-version":[{"id":1047,"href":"https:\/\/cralasabina.catedu.es\/index.php?rest_route=\/wp\/v2\/posts\/1042\/revisions\/1047"}],"wp:featuredmedia":[{"embeddable":true,"href":"https:\/\/cralasabina.catedu.es\/index.php?rest_route=\/wp\/v2\/media\/1043"}],"wp:attachment":[{"href":"https:\/\/cralasabina.catedu.es\/index.php?rest_route=%2Fwp%2Fv2%2Fmedia&parent=1042"}],"wp:term":[{"taxonomy":"category","embeddable":true,"href":"https:\/\/cralasabina.catedu.es\/index.php?rest_route=%2Fwp%2Fv2%2Fcategories&post=1042"},{"taxonomy":"post_tag","embeddable":true,"href":"https:\/\/cralasabina.catedu.es\/index.php?rest_route=%2Fwp%2Fv2%2Ftags&post=1042"}],"curies":[{"name":"wp","href":"https:\/\/api.w.org\/{rel}","templated":true}]}}